{"id":2072,"date":"2025-06-20T08:41:29","date_gmt":"2025-06-20T08:41:29","guid":{"rendered":"https:\/\/fc-tempo.com\/izvestaj-uprave\/"},"modified":"2025-06-20T08:41:29","modified_gmt":"2025-06-20T08:41:29","slug":"izvestaj-uprave","status":"publish","type":"post","link":"https:\/\/fc-tempo.com\/de\/izvestaj-uprave\/","title":{"rendered":"Izve\u0161taj uprave"},"content":{"rendered":"<p>Dragi partneri na\u0161eg FK Tempo,<\/p>\n<p>ovim putem \u017eelimo da vas obavestimo o razvoju i napretku na\u0161eg kluba,<br \/>\nkao i da vam se zahvalimo na podr\u0161ci.<\/p>\n<p>IZVE\u0160TAJ<\/p>\n<p>RAD UPRAVE Od po\u010detka ove godine, uprava je organizovala brojne<br \/>\naktivnosti. Posebno izdvajamo:<\/p>\n<p>2. &#8222;Tempov Sretenjski Sastanak&#8220; odr\u017ean je 1. marta 2025. godine.<br \/>\n  De\u010diji kor &#8222;Do\u0111ite da tr\u010dimo zajedno&#8220; pod pokroviteljstvom Ministarstva<br \/>\nprosvete Republike Srbije.<br \/>\n4. &#8222;Tempova Gula\u0161ijada&#8220;.<br \/>\n4. Memorijalni turnir u malom fudbalu &#8222;Miroslav Nikoli\u0107&#8220;,<\/p>\n<p>Sada sledi kratak rezime o radu i napretku na\u0161ih timova.<\/p>\n<p>PRVI TIM<br \/>\nPrvi tim je sezonu zavr\u0161io na odli\u010dnom 11. mestu u Gruppenligi<br \/>\nFrankfurt, sa 17 bodova prednosti u odnosu na zonu ispadanja.<\/p>\n<p>DRUGI TIM<br \/>\nKao i prvi tim, na\u0161 drugi tim je tako\u0111e ispunio zacrtani cilj. Zavr\u0161io<br \/>\nje sezonu na 9. mestu. Cilj na\u0161eg drugog tima je da igra\u010di koji prelaze<br \/>\niz na\u0161eg omladinskog pogona u seniore nastave svoj razvoj.<\/p>\n<p>TRE\u0106I TIM<br \/>\nOd sezone 2024\/2025, na\u0161 klub je osnovao i tre\u0107u seniorsku ekipu, koja<br \/>\nse takmi\u010di u Krajsligi C i zauzela je odli\u010dno 7. mesto.<\/p>\n<p>VETERANI<br \/>\nNa\u0161i veterani, kao i obi\u010dno, ponovo su najbolji u Frankfurtu. Osvojena<br \/>\nje &#8222;Dupla kruna&#8220; &#8211; pored \u0161ampionske titule, osvojili su i kup.<br \/>\nOsvajanjem kupa, na\u0161i veterani su se kvalifikovali za kup pokrajine<br \/>\nHessen.<\/p>\n<p>OMLADINCI U19<br \/>\nSvake sezone na\u0161i seniori dobijaju mlade snage iz na\u0161eg omladinskog<br \/>\npogona. Trenutno su dva igra\u010da uspela da pre\u0111u u na\u0161 prvi tim, dok se<br \/>\nostali momci &#8222;kale&#8220; u drugom ili tre\u0107em timu.<\/p>\n<p>PETLI\u0106I<br \/>\nOd sezone 2024\/2025 osnovana je ekipa petli\u0107a. Po\u010deli smo sa osmoro<br \/>\nmali\u0161ana. Za dolaze\u0107u sezonu 2025\/2026 prijavilo se preko 30 dece.<\/p>\n<p>Samo uz va\u0161 doprinos je sve ovo mogu\u0107e, i unapred vam se zahvaljujemo na<br \/>\nva\u0161oj podr\u0161ci.<\/p>\n<p>Uplate na slede\u0107i \u017eiro ra\u010dun:<br \/>\nFC Tempo Frankfurt e.V.<br \/>\nIBAN: DE14 5005 0201 0200 6181 99<br \/>\nFrankfurter Sparkasse<br \/>\nVerwendungszweck: Vereinsspende<\/p>\n<p>FC Tempo Frankfurt e. V.<br \/>\nUprava<\/p>","protected":false},"excerpt":{"rendered":"<p>Dragi partneri na\u0161eg FK Tempo, ovim putem \u017eelimo da vas obavestimo o razvoju i napretku na\u0161eg kluba, kao i da vam se zahvalimo na podr\u0161ci. &hellip; <\/p>","protected":false},"author":1,"featured_media":0,"comment_status":"open","ping_status":"closed","sticky":false,"template":"","format":"standard","meta":{"footnotes":""},"categories":[1],"tags":[],"class_list":["post-2072","post","type-post","status-publish","format-standard","hentry","category-uncategorized"],"_links":{"self":[{"href":"https:\/\/fc-tempo.com\/de\/wp-json\/wp\/v2\/posts\/2072","targetHints":{"allow":["GET"]}}],"collection":[{"href":"https:\/\/fc-tempo.com\/de\/wp-json\/wp\/v2\/posts"}],"about":[{"href":"https:\/\/fc-tempo.com\/de\/wp-json\/wp\/v2\/types\/post"}],"author":[{"embeddable":true,"href":"https:\/\/fc-tempo.com\/de\/wp-json\/wp\/v2\/users\/1"}],"replies":[{"embeddable":true,"href":"https:\/\/fc-tempo.com\/de\/wp-json\/wp\/v2\/comments?post=2072"}],"version-history":[{"count":0,"href":"https:\/\/fc-tempo.com\/de\/wp-json\/wp\/v2\/posts\/2072\/revisions"}],"wp:attachment":[{"href":"https:\/\/fc-tempo.com\/de\/wp-json\/wp\/v2\/media?parent=2072"}],"wp:term":[{"taxonomy":"category","embeddable":true,"href":"https:\/\/fc-tempo.com\/de\/wp-json\/wp\/v2\/categories?post=2072"},{"taxonomy":"post_tag","embeddable":true,"href":"https:\/\/fc-tempo.com\/de\/wp-json\/wp\/v2\/tags?post=2072"}],"curies":[{"name":"wp","href":"https:\/\/api.w.org\/{rel}","templated":true}]}}